{"id":274,"date":"2016-06-11T14:04:18","date_gmt":"2016-06-11T12:04:18","guid":{"rendered":"http:\/\/teatr-adspectatores.pl\/?p=274"},"modified":"2017-02-06T14:44:30","modified_gmt":"2017-02-06T13:44:30","slug":"jakub-giel","status":"publish","type":"post","link":"https:\/\/teatr-adspectatores.pl\/en\/zespol-artystyczny\/jakub-giel\/","title":{"rendered":"Jakub Giel"},"content":{"rendered":"<div>W 2003 roku uko\u0144czy\u0142 wroc\u0142awski Wydzia\u0142 Aktorski Pa\u0144stwowej Wy\u017cszej Szko\u0142y Teatralnej im. Ludwika Solskiego w Krakowie. W tym samym roku rozpocz\u0105\u0142 prac\u0119 w <strong>Teatrze Jeleniog\u00f3rskim<\/strong>, gdzie pozosta\u0142 do roku 2006. Do wa\u017cniejszych r\u00f3l z tego okresu nale\u017c\u0105: Artur w \u201eTangu\u201d Mro\u017cka (re\u017c. P. Konieczy\u0144ski), Romeo w \u201eRomeo i Julia\u201d Szekspira (re\u017c. K. Rekowski)- wyr\u00f3\u017cnienie dla najlepszej realizacji szekspirowskiej w sezonie 2005\/06 na X Festiwalu Szekspirowskim w Gda\u0144sku w 2005 roku, Frapper w \u201eCzerwonych nosach\u201d P. Barnesa (re\u017c. M. Bogajewska), Amante w \u201eEspresso\u201d L. Frangione (re\u017c. M. Bogajewska), Wynne w \u201eHonorze samuraja\u201d A. Rappa (re\u017c. M. Strz\u0119pka)- za t\u0119 rol\u0119 otrzyma\u0142 nagrod\u0119 M\u0142odych na 5 Festiwalu prapremier w Bydgoszczy.<\/div>\n<div><\/div>\n<div>Od roku 2006 pracuje w <strong>Teatrze Polskim<\/strong> we Wroc\u0142awiu, gdzie zagra\u0142 mi\u0119dzy innymi takie role jak: Rzecznik w \u201eDziadach Ekshumacji\u201d P. Demirskiego (re\u017c. M. Strz\u0119pka), Podatnik w \u201e\u015amierci podatnika\u201d P. Demirskiego (re\u017c. M. Strz\u0119pka), Stanley Gardner w \u201eMaydayu\u201d Cooney\u2019a (re\u017c. W. Pokora), Laertes w \u201eHamlecie\u201d Szekspira (re\u017c. M. P\u0119cikiewicz), Maks Baum w \u201eZiemi obiecanej\u201d Reymonta (re\u017c. J. Klata), Trener w \u201eT\u0119czowej Trybunie 2012\u201d P. Demirskiego (re\u017c. M. Strz\u0119pka), Tomasz, Doktor w \u201eDziadach\u201d A. Mickiewicza (re\u017c. M. Zadara). Od roku 2006 zwi\u0105zany r\u00f3wnie\u017c z <strong>Teatrem Komedia<\/strong> we Wroc\u0142awiu gdzie zagra\u0142 role takie jak Gary Duffin w \u201e\u017bycie szkodzi zdrowiu\u201d E. Chappella (re\u017c. W. D\u0105browski), czy Wac\u0142aw w \u201eZem\u015bcie\u201d A. Fredry (re\u017c. P. Oko\u0144ski) oraz <strong>Teatrem Ma\u0142ym<\/strong> we Wroc\u0142awiu- Hajmon w \u201eAntygonie\u201d Sofoklesa (re\u017c. E. Kalisz), Walery w \u201e\u015awi\u0119toszku\u201d Moliera (re\u017c. E. Kalisz), Tadeusz w \u201ePanu Tadeuszu\u201d (re\u017c. E Kalisz).<\/div>\n<div><\/div>\n<div>Z <strong>Teatrem Ad Spectatores<\/strong> zwi\u0105zany od roku\u00a0 2011. Mo\u017cna go tu zobaczy\u0107 w rolach: papie\u017c Pius XIII w \u201eTrupim synodzie\u201d C. Reinera (re\u017c. M. Masztalski), Jaros\u0142aw Kaczy\u0144ski w \u201eP\u00f3\u0142nocy w Breslau\u201d M. Masztalskiego (re\u017c. M. Masztalski), Niemiec w \u201eObcych z Mons\u201d (re\u017c. M. Masztalski), a tak\u017ce w filmach \u201eKwarantanna\u201d i \u201eZmierzch miasta\u201d.<\/div>\n<div><\/div>\n<div>Poza realizacjami teatralnymi Jakub zagra\u0142 w filmach \u201eW daljokom sorok piatom\u2026 Wsreczi na Elbie\u201d re\u017c. Mira Todorovska i Petro Aleksowski, \u201e\u017bydowski \u015apiewnik Wojenny\u201d re\u017c. A. Celi\u0144ski, \u201eArmagedon 1914\u201d re\u017c. C. Gutschmidt oraz serialach \u201eFala zbrodni\u201d, \u201ePierwsza mi\u0142o\u015b\u0107\u201d, \u201eNiesamowite historie\u201d, \u201eKomisja morderstw\u201d.<\/div>\n","protected":false},"excerpt":{"rendered":"<p>W 2003 roku uko\u0144czy\u0142 wroc\u0142awski Wydzia\u0142 Aktorski Pa\u0144stwowej Wy\u017cszej Szko\u0142y Teatralnej im. Ludwika Solskiego w Krakowie. W tym samym roku rozpocz\u0105\u0142 prac\u0119 w Teatrze Jeleniog\u00f3rskim, gdzie pozosta\u0142 do roku 2006. Do wa\u017cniejszych r\u00f3l z tego okresu nale\u017c\u0105: Artur w \u201eTangu\u201d Mro\u017cka (re\u017c. P. Konieczy\u0144ski), Romeo w \u201eRomeo i Julia\u201d Szekspira (re\u017c. K. Rekowski)- wyr\u00f3\u017cnienie dla [&hellip;]<\/p>\n","protected":false},"author":2,"featured_media":344,"comment_status":"closed","ping_status":"open","sticky":false,"template":"","format":"standard","meta":[],"categories":[7],"tags":[],"acf":[],"aioseo_notices":[],"_links":{"self":[{"href":"https:\/\/teatr-adspectatores.pl\/en\/wp-json\/wp\/v2\/posts\/274"}],"collection":[{"href":"https:\/\/teatr-adspectatores.pl\/en\/wp-json\/wp\/v2\/posts"}],"about":[{"href":"https:\/\/teatr-adspectatores.pl\/en\/wp-json\/wp\/v2\/types\/post"}],"author":[{"embeddable":true,"href":"https:\/\/teatr-adspectatores.pl\/en\/wp-json\/wp\/v2\/users\/2"}],"replies":[{"embeddable":true,"href":"https:\/\/teatr-adspectatores.pl\/en\/wp-json\/wp\/v2\/comments?post=274"}],"version-history":[{"count":6,"href":"https:\/\/teatr-adspectatores.pl\/en\/wp-json\/wp\/v2\/posts\/274\/revisions"}],"predecessor-version":[{"id":1473,"href":"https:\/\/teatr-adspectatores.pl\/en\/wp-json\/wp\/v2\/posts\/274\/revisions\/1473"}],"wp:featuredmedia":[{"embeddable":true,"href":"https:\/\/teatr-adspectatores.pl\/en\/wp-json\/wp\/v2\/media\/344"}],"wp:attachment":[{"href":"https:\/\/teatr-adspectatores.pl\/en\/wp-json\/wp\/v2\/media?parent=274"}],"wp:term":[{"taxonomy":"category","embeddable":true,"href":"https:\/\/teatr-adspectatores.pl\/en\/wp-json\/wp\/v2\/categories?post=274"},{"taxonomy":"post_tag","embeddable":true,"href":"https:\/\/teatr-adspectatores.pl\/en\/wp-json\/wp\/v2\/tags?post=274"}],"curies":[{"name":"wp","href":"https:\/\/api.w.org\/{rel}","templated":true}]}}